{"id":2545,"date":"2025-07-24T14:38:42","date_gmt":"2025-07-24T14:38:42","guid":{"rendered":"https:\/\/foiredemontmerle.fr\/?p=2545"},"modified":"2025-07-28T10:46:29","modified_gmt":"2025-07-28T10:46:29","slug":"le-mur-descalade","status":"publish","type":"post","link":"https:\/\/foiredemontmerle.fr\/index.php\/2025\/07\/24\/le-mur-descalade\/","title":{"rendered":"Le mur d&rsquo;escalade"},"content":{"rendered":"\t\t<div data-elementor-type=\"wp-post\" data-elementor-id=\"2545\" class=\"elementor elementor-2545\">\n\t\t\t\t<div class=\"elementor-element elementor-element-6bc8347 e-flex e-con-boxed e-con e-parent\" data-id=\"6bc8347\" data-element_type=\"container\">\n\t\t\t\t\t<div class=\"e-con-inner\">\n\t\t\t\t<div class=\"elementor-element elementor-element-3173f52 elementor-widget__width-initial elementor-widget elementor-widget-image\" data-id=\"3173f52\" data-element_type=\"widget\" data-widget_type=\"image.default\">\n\t\t\t\t<div class=\"elementor-widget-container\">\n\t\t\t\t\t\t\t\t\t\t\t\t\t\t\t\t<a href=\"https:\/\/www.cpeavv.com\/\" target=\"_blank\">\n\t\t\t\t\t\t\t<img fetchpriority=\"high\" decoding=\"async\" width=\"200\" height=\"300\" src=\"https:\/\/foiredemontmerle.fr\/wp-content\/uploads\/2025\/07\/Mur-descalade-200x300.jpg\" class=\"attachment-medium size-medium wp-image-2549\" alt=\"\" srcset=\"https:\/\/foiredemontmerle.fr\/wp-content\/uploads\/2025\/07\/Mur-descalade-200x300.jpg 200w, https:\/\/foiredemontmerle.fr\/wp-content\/uploads\/2025\/07\/Mur-descalade.jpg 333w\" sizes=\"(max-width: 200px) 100vw, 200px\" \/>\t\t\t\t\t\t\t\t<\/a>\n\t\t\t\t\t\t\t\t\t\t\t\t\t\t\t<\/div>\n\t\t\t\t<\/div>\n\t\t\t\t<div class=\"elementor-element elementor-element-35776a5 elementor-widget elementor-widget-text-editor\" data-id=\"35776a5\" data-element_type=\"widget\" data-widget_type=\"text-editor.default\">\n\t\t\t\t<div class=\"elementor-widget-container\">\n\t\t\t\t\t\t\t\t\t<section class=\"xc3tme8 x1uhmqq1 x1xdureb xo55r9g x1vnunu7 x14tfgiu xlrpkbc xpoid6y x16zxmhm x6ikm8r x10wlt62\"><div class=\"x7a106z x972fbf xcfux6l x1qhh985 xm0m39n x9f619 x78zum5 xdt5ytf x2lah0s xdj266r x11i5rnm xat24cr x1mh8g0r xexx8yu x4uap5 x18d9i69 xkhd6sd x1n2onr6 x11njtxf x15wddec xuqjycs x18r464c\"><h3 class=\"x9f619 xjbqb8w x168nmei x13lgxp2 x5pf9jr xo71vjh x1uhb9sk x1plvlek xryxfnj x1c4vz4f x2lah0s x1q0g3np xqjyukv x1oa3qoh x6s0dn4 x1amjocr x78zum5 xl56j7k\"><strong><span class=\"x1lliihq x1plvlek xryxfnj x1n2onr6 x193iq5w xeuugli x1fj9vlw x13faqbe x1vvkbs x1s928wv xhkezso x1gmr53x x1cpjm7i x1fgarty x1943h6x x1i0vuye xvs91rp x1s688f x5n08af x10wh9bi x1wdrske x8viiok x18hxmgj\" dir=\"auto\">Mur d&rsquo;ecalade<\/span><\/strong><\/h3><h5 tabindex=\"0\" role=\"button\" aria-disabled=\"false\">Venez vous initier \u00e0 l&rsquo;escalade sur ce mur d&rsquo;une hauteur de 6 m\u00e8tres.\u00a0<\/h5><\/div><p>https:\/\/www.cpeavv.com\/<\/p><\/section>\t\t\t\t\t\t\t\t<\/div>\n\t\t\t\t<\/div>\n\t\t\t\t\t<\/div>\n\t\t\t\t<\/div>\n\t\t\t\t<\/div>\n\t\t","protected":false},"excerpt":{"rendered":"<p><b>Venez vous initier \u00e0 l&rsquo;escalade<\/b> <\/p>\n","protected":false},"author":1,"featured_media":2301,"comment_status":"closed","ping_status":"closed","sticky":false,"template":"","format":"gallery","meta":{"ocean_post_layout":"full-width","ocean_both_sidebars_style":"","ocean_both_sidebars_content_width":0,"ocean_both_sidebars_sidebars_width":0,"ocean_sidebar":"","ocean_second_sidebar":"","ocean_disable_margins":"enable","ocean_add_body_class":"","ocean_shortcode_before_top_bar":"","ocean_shortcode_after_top_bar":"","ocean_shortcode_before_header":"","ocean_shortcode_after_header":"","ocean_has_shortcode":"","ocean_shortcode_after_title":"","ocean_shortcode_before_footer_widgets":"","ocean_shortcode_after_footer_widgets":"","ocean_shortcode_before_footer_bottom":"","ocean_shortcode_after_footer_bottom":"","ocean_display_top_bar":"default","ocean_display_header":"default","ocean_header_style":"","ocean_center_header_left_menu":"","ocean_custom_header_template":"","ocean_custom_logo":0,"ocean_custom_retina_logo":0,"ocean_custom_logo_max_width":0,"ocean_custom_logo_tablet_max_width":0,"ocean_custom_logo_mobile_max_width":0,"ocean_custom_logo_max_height":0,"ocean_custom_logo_tablet_max_height":0,"ocean_custom_logo_mobile_max_height":0,"ocean_header_custom_menu":"","ocean_menu_typo_font_family":"","ocean_menu_typo_font_subset":"","ocean_menu_typo_font_size":0,"ocean_menu_typo_font_size_tablet":0,"ocean_menu_typo_font_size_mobile":0,"ocean_menu_typo_font_size_unit":"px","ocean_menu_typo_font_weight":"","ocean_menu_typo_font_weight_tablet":"","ocean_menu_typo_font_weight_mobile":"","ocean_menu_typo_transform":"","ocean_menu_typo_transform_tablet":"","ocean_menu_typo_transform_mobile":"","ocean_menu_typo_line_height":0,"ocean_menu_typo_line_height_tablet":0,"ocean_menu_typo_line_height_mobile":0,"ocean_menu_typo_line_height_unit":"","ocean_menu_typo_spacing":0,"ocean_menu_typo_spacing_tablet":0,"ocean_menu_typo_spacing_mobile":0,"ocean_menu_typo_spacing_unit":"","ocean_menu_link_color":"","ocean_menu_link_color_hover":"","ocean_menu_link_color_active":"","ocean_menu_link_background":"","ocean_menu_link_hover_background":"","ocean_menu_link_active_background":"","ocean_menu_social_links_bg":"","ocean_menu_social_hover_links_bg":"","ocean_menu_social_links_color":"","ocean_menu_social_hover_links_color":"","ocean_disable_title":"on","ocean_disable_heading":"default","ocean_post_title":"","ocean_post_subheading":"","ocean_post_title_style":"","ocean_post_title_background_color":"","ocean_post_title_background":0,"ocean_post_title_bg_image_position":"","ocean_post_title_bg_image_attachment":"","ocean_post_title_bg_image_repeat":"","ocean_post_title_bg_image_size":"","ocean_post_title_height":0,"ocean_post_title_bg_overlay":0.5,"ocean_post_title_bg_overlay_color":"","ocean_disable_breadcrumbs":"default","ocean_breadcrumbs_color":"","ocean_breadcrumbs_separator_color":"","ocean_breadcrumbs_links_color":"","ocean_breadcrumbs_links_hover_color":"","ocean_display_footer_widgets":"default","ocean_display_footer_bottom":"default","ocean_custom_footer_template":"","ocean_post_oembed":"","ocean_post_self_hosted_media":"","ocean_post_video_embed":"","ocean_link_format":"","ocean_link_format_target":"self","ocean_quote_format":"","ocean_quote_format_link":"post","ocean_gallery_link_images":"on","ocean_gallery_id":[],"footnotes":""},"categories":[29],"tags":[],"class_list":["post-2545","post","type-post","status-publish","format-gallery","has-post-thumbnail","hentry","category-programme-06-septembre","post_format-post-format-gallery","entry","has-media"],"yoast_head":"<!-- This site is optimized with the Yoast SEO plugin v25.5 - https:\/\/yoast.com\/wordpress\/plugins\/seo\/ -->\n<title>Le mur d&#039;escalade - Foire de Montmerle sur Sa\u00f4ne<\/title>\n<meta name=\"description\" content=\"Venez vous \u00e9clater toute la journ\u00e9e sur les immenses structures gonflables de KV events\" \/>\n<meta name=\"robots\" content=\"index, follow, max-snippet:-1, max-image-preview:large, max-video-preview:-1\" \/>\n<link rel=\"canonical\" href=\"https:\/\/foiredemontmerle.fr\/index.php\/2025\/07\/24\/le-mur-descalade\/\" \/>\n<meta property=\"og:locale\" content=\"fr_FR\" \/>\n<meta property=\"og:type\" content=\"article\" \/>\n<meta property=\"og:title\" content=\"Le mur d&#039;escalade - Foire de Montmerle sur Sa\u00f4ne\" \/>\n<meta property=\"og:description\" content=\"Venez vous \u00e9clater toute la journ\u00e9e sur les immenses structures gonflables de KV events\" \/>\n<meta property=\"og:url\" content=\"https:\/\/foiredemontmerle.fr\/index.php\/2025\/07\/24\/le-mur-descalade\/\" \/>\n<meta property=\"og:site_name\" content=\"Foire de Montmerle sur Sa\u00f4ne\" \/>\n<meta property=\"article:publisher\" content=\"https:\/\/www.facebook.com\/profile.php?id=61558611375023\" \/>\n<meta property=\"article:published_time\" content=\"2025-07-24T14:38:42+00:00\" \/>\n<meta property=\"article:modified_time\" content=\"2025-07-28T10:46:29+00:00\" \/>\n<meta property=\"og:image\" content=\"https:\/\/foiredemontmerle.fr\/wp-content\/uploads\/2024\/10\/Foire2024105.jpg\" \/>\n\t<meta property=\"og:image:width\" content=\"800\" \/>\n\t<meta property=\"og:image:height\" content=\"1202\" \/>\n\t<meta property=\"og:image:type\" content=\"image\/jpeg\" \/>\n<meta name=\"author\" content=\"admin\" \/>\n<meta name=\"twitter:card\" content=\"summary_large_image\" \/>\n<meta name=\"twitter:label1\" content=\"\u00c9crit par\" \/>\n\t<meta name=\"twitter:data1\" content=\"admin\" \/>\n\t<meta name=\"twitter:label2\" content=\"Dur\u00e9e de lecture estim\u00e9e\" \/>\n\t<meta name=\"twitter:data2\" content=\"1 minute\" \/>\n<script type=\"application\/ld+json\" class=\"yoast-schema-graph\">{\"@context\":\"https:\/\/schema.org\",\"@graph\":[{\"@type\":\"Article\",\"@id\":\"https:\/\/foiredemontmerle.fr\/index.php\/2025\/07\/24\/le-mur-descalade\/#article\",\"isPartOf\":{\"@id\":\"https:\/\/foiredemontmerle.fr\/index.php\/2025\/07\/24\/le-mur-descalade\/\"},\"author\":{\"name\":\"admin\",\"@id\":\"https:\/\/foiredemontmerle.fr\/#\/schema\/person\/499a3e16f8a146d89794d08b3d948bee\"},\"headline\":\"Le mur d&rsquo;escalade\",\"datePublished\":\"2025-07-24T14:38:42+00:00\",\"dateModified\":\"2025-07-28T10:46:29+00:00\",\"mainEntityOfPage\":{\"@id\":\"https:\/\/foiredemontmerle.fr\/index.php\/2025\/07\/24\/le-mur-descalade\/\"},\"wordCount\":25,\"publisher\":{\"@id\":\"https:\/\/foiredemontmerle.fr\/#organization\"},\"image\":{\"@id\":\"https:\/\/foiredemontmerle.fr\/index.php\/2025\/07\/24\/le-mur-descalade\/#primaryimage\"},\"thumbnailUrl\":\"https:\/\/foiredemontmerle.fr\/wp-content\/uploads\/2024\/10\/Foire2024105.jpg\",\"articleSection\":[\"Programme samedi 6 septembre\"],\"inLanguage\":\"fr-FR\"},{\"@type\":\"WebPage\",\"@id\":\"https:\/\/foiredemontmerle.fr\/index.php\/2025\/07\/24\/le-mur-descalade\/\",\"url\":\"https:\/\/foiredemontmerle.fr\/index.php\/2025\/07\/24\/le-mur-descalade\/\",\"name\":\"Le mur d'escalade - Foire de Montmerle sur Sa\u00f4ne\",\"isPartOf\":{\"@id\":\"https:\/\/foiredemontmerle.fr\/#website\"},\"primaryImageOfPage\":{\"@id\":\"https:\/\/foiredemontmerle.fr\/index.php\/2025\/07\/24\/le-mur-descalade\/#primaryimage\"},\"image\":{\"@id\":\"https:\/\/foiredemontmerle.fr\/index.php\/2025\/07\/24\/le-mur-descalade\/#primaryimage\"},\"thumbnailUrl\":\"https:\/\/foiredemontmerle.fr\/wp-content\/uploads\/2024\/10\/Foire2024105.jpg\",\"datePublished\":\"2025-07-24T14:38:42+00:00\",\"dateModified\":\"2025-07-28T10:46:29+00:00\",\"description\":\"Venez vous \u00e9clater toute la journ\u00e9e sur les immenses structures gonflables de KV events\",\"breadcrumb\":{\"@id\":\"https:\/\/foiredemontmerle.fr\/index.php\/2025\/07\/24\/le-mur-descalade\/#breadcrumb\"},\"inLanguage\":\"fr-FR\",\"potentialAction\":[{\"@type\":\"ReadAction\",\"target\":[\"https:\/\/foiredemontmerle.fr\/index.php\/2025\/07\/24\/le-mur-descalade\/\"]}]},{\"@type\":\"ImageObject\",\"inLanguage\":\"fr-FR\",\"@id\":\"https:\/\/foiredemontmerle.fr\/index.php\/2025\/07\/24\/le-mur-descalade\/#primaryimage\",\"url\":\"https:\/\/foiredemontmerle.fr\/wp-content\/uploads\/2024\/10\/Foire2024105.jpg\",\"contentUrl\":\"https:\/\/foiredemontmerle.fr\/wp-content\/uploads\/2024\/10\/Foire2024105.jpg\",\"width\":800,\"height\":1202},{\"@type\":\"BreadcrumbList\",\"@id\":\"https:\/\/foiredemontmerle.fr\/index.php\/2025\/07\/24\/le-mur-descalade\/#breadcrumb\",\"itemListElement\":[{\"@type\":\"ListItem\",\"position\":1,\"name\":\"Accueil\",\"item\":\"https:\/\/foiredemontmerle.fr\/\"},{\"@type\":\"ListItem\",\"position\":2,\"name\":\"Le mur d&rsquo;escalade\"}]},{\"@type\":\"WebSite\",\"@id\":\"https:\/\/foiredemontmerle.fr\/#website\",\"url\":\"https:\/\/foiredemontmerle.fr\/\",\"name\":\"Foire de Montmerle sur Sa\u00f4ne\",\"description\":\"\",\"publisher\":{\"@id\":\"https:\/\/foiredemontmerle.fr\/#organization\"},\"potentialAction\":[{\"@type\":\"SearchAction\",\"target\":{\"@type\":\"EntryPoint\",\"urlTemplate\":\"https:\/\/foiredemontmerle.fr\/?s={search_term_string}\"},\"query-input\":{\"@type\":\"PropertyValueSpecification\",\"valueRequired\":true,\"valueName\":\"search_term_string\"}}],\"inLanguage\":\"fr-FR\"},{\"@type\":\"Organization\",\"@id\":\"https:\/\/foiredemontmerle.fr\/#organization\",\"name\":\"Foire de Montmerle sur Sa\u00f4ne\",\"url\":\"https:\/\/foiredemontmerle.fr\/\",\"logo\":{\"@type\":\"ImageObject\",\"inLanguage\":\"fr-FR\",\"@id\":\"https:\/\/foiredemontmerle.fr\/#\/schema\/logo\/image\/\",\"url\":\"https:\/\/foiredemontmerle.fr\/wp-content\/uploads\/2024\/06\/cropped-Foire-de-Montmerle-VIERGE-512x512-web.jpg\",\"contentUrl\":\"https:\/\/foiredemontmerle.fr\/wp-content\/uploads\/2024\/06\/cropped-Foire-de-Montmerle-VIERGE-512x512-web.jpg\",\"width\":512,\"height\":432,\"caption\":\"Foire de Montmerle sur Sa\u00f4ne\"},\"image\":{\"@id\":\"https:\/\/foiredemontmerle.fr\/#\/schema\/logo\/image\/\"},\"sameAs\":[\"https:\/\/www.facebook.com\/profile.php?id=61558611375023\",\"https:\/\/www.instagram.com\/foire.montmerlesursaone\/\"]},{\"@type\":\"Person\",\"@id\":\"https:\/\/foiredemontmerle.fr\/#\/schema\/person\/499a3e16f8a146d89794d08b3d948bee\",\"name\":\"admin\",\"image\":{\"@type\":\"ImageObject\",\"inLanguage\":\"fr-FR\",\"@id\":\"https:\/\/foiredemontmerle.fr\/#\/schema\/person\/image\/\",\"url\":\"https:\/\/secure.gravatar.com\/avatar\/de4cf9dda7f7e30e0b8ef8a0facfc2411b2a3f6f4d3043aaa696e0a7912502b5?s=96&d=mm&r=g\",\"contentUrl\":\"https:\/\/secure.gravatar.com\/avatar\/de4cf9dda7f7e30e0b8ef8a0facfc2411b2a3f6f4d3043aaa696e0a7912502b5?s=96&d=mm&r=g\",\"caption\":\"admin\"},\"sameAs\":[\"https:\/\/foiredemontmerle.fr\"],\"url\":\"https:\/\/foiredemontmerle.fr\/index.php\/author\/admin_foire\/\"}]}<\/script>\n<!-- \/ Yoast SEO plugin. -->","yoast_head_json":{"title":"Le mur d'escalade - Foire de Montmerle sur Sa\u00f4ne","description":"Venez vous \u00e9clater toute la journ\u00e9e sur les immenses structures gonflables de KV events","robots":{"index":"index","follow":"follow","max-snippet":"max-snippet:-1","max-image-preview":"max-image-preview:large","max-video-preview":"max-video-preview:-1"},"canonical":"https:\/\/foiredemontmerle.fr\/index.php\/2025\/07\/24\/le-mur-descalade\/","og_locale":"fr_FR","og_type":"article","og_title":"Le mur d'escalade - Foire de Montmerle sur Sa\u00f4ne","og_description":"Venez vous \u00e9clater toute la journ\u00e9e sur les immenses structures gonflables de KV events","og_url":"https:\/\/foiredemontmerle.fr\/index.php\/2025\/07\/24\/le-mur-descalade\/","og_site_name":"Foire de Montmerle sur Sa\u00f4ne","article_publisher":"https:\/\/www.facebook.com\/profile.php?id=61558611375023","article_published_time":"2025-07-24T14:38:42+00:00","article_modified_time":"2025-07-28T10:46:29+00:00","og_image":[{"width":800,"height":1202,"url":"https:\/\/foiredemontmerle.fr\/wp-content\/uploads\/2024\/10\/Foire2024105.jpg","type":"image\/jpeg"}],"author":"admin","twitter_card":"summary_large_image","twitter_misc":{"\u00c9crit par":"admin","Dur\u00e9e de lecture estim\u00e9e":"1 minute"},"schema":{"@context":"https:\/\/schema.org","@graph":[{"@type":"Article","@id":"https:\/\/foiredemontmerle.fr\/index.php\/2025\/07\/24\/le-mur-descalade\/#article","isPartOf":{"@id":"https:\/\/foiredemontmerle.fr\/index.php\/2025\/07\/24\/le-mur-descalade\/"},"author":{"name":"admin","@id":"https:\/\/foiredemontmerle.fr\/#\/schema\/person\/499a3e16f8a146d89794d08b3d948bee"},"headline":"Le mur d&rsquo;escalade","datePublished":"2025-07-24T14:38:42+00:00","dateModified":"2025-07-28T10:46:29+00:00","mainEntityOfPage":{"@id":"https:\/\/foiredemontmerle.fr\/index.php\/2025\/07\/24\/le-mur-descalade\/"},"wordCount":25,"publisher":{"@id":"https:\/\/foiredemontmerle.fr\/#organization"},"image":{"@id":"https:\/\/foiredemontmerle.fr\/index.php\/2025\/07\/24\/le-mur-descalade\/#primaryimage"},"thumbnailUrl":"https:\/\/foiredemontmerle.fr\/wp-content\/uploads\/2024\/10\/Foire2024105.jpg","articleSection":["Programme samedi 6 septembre"],"inLanguage":"fr-FR"},{"@type":"WebPage","@id":"https:\/\/foiredemontmerle.fr\/index.php\/2025\/07\/24\/le-mur-descalade\/","url":"https:\/\/foiredemontmerle.fr\/index.php\/2025\/07\/24\/le-mur-descalade\/","name":"Le mur d'escalade - Foire de Montmerle sur Sa\u00f4ne","isPartOf":{"@id":"https:\/\/foiredemontmerle.fr\/#website"},"primaryImageOfPage":{"@id":"https:\/\/foiredemontmerle.fr\/index.php\/2025\/07\/24\/le-mur-descalade\/#primaryimage"},"image":{"@id":"https:\/\/foiredemontmerle.fr\/index.php\/2025\/07\/24\/le-mur-descalade\/#primaryimage"},"thumbnailUrl":"https:\/\/foiredemontmerle.fr\/wp-content\/uploads\/2024\/10\/Foire2024105.jpg","datePublished":"2025-07-24T14:38:42+00:00","dateModified":"2025-07-28T10:46:29+00:00","description":"Venez vous \u00e9clater toute la journ\u00e9e sur les immenses structures gonflables de KV events","breadcrumb":{"@id":"https:\/\/foiredemontmerle.fr\/index.php\/2025\/07\/24\/le-mur-descalade\/#breadcrumb"},"inLanguage":"fr-FR","potentialAction":[{"@type":"ReadAction","target":["https:\/\/foiredemontmerle.fr\/index.php\/2025\/07\/24\/le-mur-descalade\/"]}]},{"@type":"ImageObject","inLanguage":"fr-FR","@id":"https:\/\/foiredemontmerle.fr\/index.php\/2025\/07\/24\/le-mur-descalade\/#primaryimage","url":"https:\/\/foiredemontmerle.fr\/wp-content\/uploads\/2024\/10\/Foire2024105.jpg","contentUrl":"https:\/\/foiredemontmerle.fr\/wp-content\/uploads\/2024\/10\/Foire2024105.jpg","width":800,"height":1202},{"@type":"BreadcrumbList","@id":"https:\/\/foiredemontmerle.fr\/index.php\/2025\/07\/24\/le-mur-descalade\/#breadcrumb","itemListElement":[{"@type":"ListItem","position":1,"name":"Accueil","item":"https:\/\/foiredemontmerle.fr\/"},{"@type":"ListItem","position":2,"name":"Le mur d&rsquo;escalade"}]},{"@type":"WebSite","@id":"https:\/\/foiredemontmerle.fr\/#website","url":"https:\/\/foiredemontmerle.fr\/","name":"Foire de Montmerle sur Sa\u00f4ne","description":"","publisher":{"@id":"https:\/\/foiredemontmerle.fr\/#organization"},"potentialAction":[{"@type":"SearchAction","target":{"@type":"EntryPoint","urlTemplate":"https:\/\/foiredemontmerle.fr\/?s={search_term_string}"},"query-input":{"@type":"PropertyValueSpecification","valueRequired":true,"valueName":"search_term_string"}}],"inLanguage":"fr-FR"},{"@type":"Organization","@id":"https:\/\/foiredemontmerle.fr\/#organization","name":"Foire de Montmerle sur Sa\u00f4ne","url":"https:\/\/foiredemontmerle.fr\/","logo":{"@type":"ImageObject","inLanguage":"fr-FR","@id":"https:\/\/foiredemontmerle.fr\/#\/schema\/logo\/image\/","url":"https:\/\/foiredemontmerle.fr\/wp-content\/uploads\/2024\/06\/cropped-Foire-de-Montmerle-VIERGE-512x512-web.jpg","contentUrl":"https:\/\/foiredemontmerle.fr\/wp-content\/uploads\/2024\/06\/cropped-Foire-de-Montmerle-VIERGE-512x512-web.jpg","width":512,"height":432,"caption":"Foire de Montmerle sur Sa\u00f4ne"},"image":{"@id":"https:\/\/foiredemontmerle.fr\/#\/schema\/logo\/image\/"},"sameAs":["https:\/\/www.facebook.com\/profile.php?id=61558611375023","https:\/\/www.instagram.com\/foire.montmerlesursaone\/"]},{"@type":"Person","@id":"https:\/\/foiredemontmerle.fr\/#\/schema\/person\/499a3e16f8a146d89794d08b3d948bee","name":"admin","image":{"@type":"ImageObject","inLanguage":"fr-FR","@id":"https:\/\/foiredemontmerle.fr\/#\/schema\/person\/image\/","url":"https:\/\/secure.gravatar.com\/avatar\/de4cf9dda7f7e30e0b8ef8a0facfc2411b2a3f6f4d3043aaa696e0a7912502b5?s=96&d=mm&r=g","contentUrl":"https:\/\/secure.gravatar.com\/avatar\/de4cf9dda7f7e30e0b8ef8a0facfc2411b2a3f6f4d3043aaa696e0a7912502b5?s=96&d=mm&r=g","caption":"admin"},"sameAs":["https:\/\/foiredemontmerle.fr"],"url":"https:\/\/foiredemontmerle.fr\/index.php\/author\/admin_foire\/"}]}},"_links":{"self":[{"href":"https:\/\/foiredemontmerle.fr\/index.php\/wp-json\/wp\/v2\/posts\/2545","targetHints":{"allow":["GET"]}}],"collection":[{"href":"https:\/\/foiredemontmerle.fr\/index.php\/wp-json\/wp\/v2\/posts"}],"about":[{"href":"https:\/\/foiredemontmerle.fr\/index.php\/wp-json\/wp\/v2\/types\/post"}],"author":[{"embeddable":true,"href":"https:\/\/foiredemontmerle.fr\/index.php\/wp-json\/wp\/v2\/users\/1"}],"replies":[{"embeddable":true,"href":"https:\/\/foiredemontmerle.fr\/index.php\/wp-json\/wp\/v2\/comments?post=2545"}],"version-history":[{"count":13,"href":"https:\/\/foiredemontmerle.fr\/index.php\/wp-json\/wp\/v2\/posts\/2545\/revisions"}],"predecessor-version":[{"id":2660,"href":"https:\/\/foiredemontmerle.fr\/index.php\/wp-json\/wp\/v2\/posts\/2545\/revisions\/2660"}],"wp:featuredmedia":[{"embeddable":true,"href":"https:\/\/foiredemontmerle.fr\/index.php\/wp-json\/wp\/v2\/media\/2301"}],"wp:attachment":[{"href":"https:\/\/foiredemontmerle.fr\/index.php\/wp-json\/wp\/v2\/media?parent=2545"}],"wp:term":[{"taxonomy":"category","embeddable":true,"href":"https:\/\/foiredemontmerle.fr\/index.php\/wp-json\/wp\/v2\/categories?post=2545"},{"taxonomy":"post_tag","embeddable":true,"href":"https:\/\/foiredemontmerle.fr\/index.php\/wp-json\/wp\/v2\/tags?post=2545"}],"curies":[{"name":"wp","href":"https:\/\/api.w.org\/{rel}","templated":true}]}}